{"id":553,"date":"2014-05-20T16:37:59","date_gmt":"2014-05-20T14:37:59","guid":{"rendered":"http:\/\/www.adfinca.net\/es\/?p=553"},"modified":"2014-05-20T16:38:39","modified_gmt":"2014-05-20T14:38:39","slug":"carta-del-director-i","status":"publish","type":"post","link":"http:\/\/www.adfinca.net\/es\/carta-del-director-i\/","title":{"rendered":"CARTA DEL DIRECTOR I"},"content":{"rendered":"<p style=\"text-align: justify;\"><strong>NUEVA JUNTA DE GOBIERNO<\/strong><br \/>\nEl pasado noviembre se constituy\u00f3 la nueva Junta de Gobierno del Ilustre Colegio Territorial de Administradores de Fincas de Cantabria. En primer lugar, hay que felicitar al flamante presidente don Alberto Ruiz-Capillas, que ha tomado las riendas de un proyecto ambicioso y complicado como el de dar el mayor prestigio y respeto posible a la profesi\u00f3n. La nueva junta de gobierno est\u00e1 liderada por el presidente m\u00e1s joven que ha tenido un colegio de administradores de fincas. Un presidente que irradia su entusiasmo y energ\u00eda al resto de colaboradores, transmitiendo su ilusi\u00f3n y logrando mantener a su equipo motivado. Hay una cosa que destaca en los miembros electos: ilusi\u00f3n y ganas de trabajar. Puede parecer obvio, pero no ser\u00eda la primera vez que encontramos un grupo directivo sin motivaci\u00f3n en cualquier organizaci\u00f3n. Sin embargo, este grupo de administradores ha entrado con ganas de impulsar la profesi\u00f3n, de lograr una dignificaci\u00f3n de los colegiados, un respeto por unos profesionales preparados que ejercen su trabajo en un entorno cada d\u00eda m\u00e1s complejo.<br \/>\nSin duda, dedicar nuestro tiempo, siempre insuficiente, en lugar de al trabajo de nuestros respectivos despachos a gestiones del Colegio, supone un sacrificio desinteresado y generoso por parte de todos los miembros de la Junta de Gobierno. \u00bfPor qu\u00e9 lo hacemos, entonces? Porque confiamos en colaborar en el logro en un beneficio indirecto y abstracto para todos los administradores de fincas colegiados. Buscamos conseguir un colectivo profesional, preparado, eficaz y eficiente, respetado y valorado.<\/p>\n<p style=\"text-align: justify;\"><strong>VI JORNADAS DE TRABAJO DE JUNTAS DE GOBIERNO<\/strong><br \/>\nPara estrenarse en sus nuevas funciones algunos miembros de la Junta de Gobierno del Colegio de Cantabria acudimos el pasado d\u00eda 3 de febrero a las jornadas de trabajo del Consejo General de los Colegios Territoriales en Madrid. Se trata de un foro donde compartir experiencias y proyectos, homogeneizar la forma de trabajar en todos los colegios de Espa\u00f1a y ofrecer ideas que puedan ayudar al resto de compa\u00f1eros. Es com\u00fan el deseo de luchar por el respeto y dignidad de los administradores de fincas, de afianzar su formaci\u00f3n como elemento distintivo contra los intrusos y saber comunicar a la sociedad las actividades y valores del Colegio. Tambi\u00e9n el actuar con y frente a los distintos organismos y empresas en defensa de los intereses de las Comunidades de Propietarios.<\/p>\n","protected":false},"excerpt":{"rendered":"<p>NUEVA JUNTA DE GOBIERNO El pasado noviembre se constituy\u00f3 la nueva Junta de Gobierno del Ilustre Colegio Territorial de Administradores de Fincas de Cantabria. En primer lugar, hay que felicitar al flamante presidente don Alberto Ruiz-Capillas, que ha tomado las riendas de un proyecto ambicioso y complicado como el de dar el mayor prestigio y&nbsp;<a href=\"http:\/\/www.adfinca.net\/es\/carta-del-director-i\/\" class=\"read-more\">Continue Reading<\/a><\/p>\n","protected":false},"author":1,"featured_media":0,"comment_status":"closed","ping_status":"closed","sticky":false,"template":"","format":"standard","meta":[],"categories":[31],"tags":[],"_links":{"self":[{"href":"http:\/\/www.adfinca.net\/es\/wp-json\/wp\/v2\/posts\/553"}],"collection":[{"href":"http:\/\/www.adfinca.net\/es\/wp-json\/wp\/v2\/posts"}],"about":[{"href":"http:\/\/www.adfinca.net\/es\/wp-json\/wp\/v2\/types\/post"}],"author":[{"embeddable":true,"href":"http:\/\/www.adfinca.net\/es\/wp-json\/wp\/v2\/users\/1"}],"replies":[{"embeddable":true,"href":"http:\/\/www.adfinca.net\/es\/wp-json\/wp\/v2\/comments?post=553"}],"version-history":[{"count":3,"href":"http:\/\/www.adfinca.net\/es\/wp-json\/wp\/v2\/posts\/553\/revisions"}],"predecessor-version":[{"id":555,"href":"http:\/\/www.adfinca.net\/es\/wp-json\/wp\/v2\/posts\/553\/revisions\/555"}],"wp:attachment":[{"href":"http:\/\/www.adfinca.net\/es\/wp-json\/wp\/v2\/media?parent=553"}],"wp:term":[{"taxonomy":"category","embeddable":true,"href":"http:\/\/www.adfinca.net\/es\/wp-json\/wp\/v2\/categories?post=553"},{"taxonomy":"post_tag","embeddable":true,"href":"http:\/\/www.adfinca.net\/es\/wp-json\/wp\/v2\/tags?post=553"}],"curies":[{"name":"wp","href":"https:\/\/api.w.org\/{rel}","templated":true}]}}