{"id":573,"date":"2014-05-20T16:48:37","date_gmt":"2014-05-20T14:48:37","guid":{"rendered":"http:\/\/www.adfinca.net\/es\/?p=573"},"modified":"2014-05-20T16:48:37","modified_gmt":"2014-05-20T14:48:37","slug":"carta-del-director-vii","status":"publish","type":"post","link":"http:\/\/www.adfinca.net\/es\/carta-del-director-vii\/","title":{"rendered":"CARTA DEL DIRECTOR VII"},"content":{"rendered":"<p style=\"text-align: justify;\"><strong>Volver a nuestro huso horario.<\/strong><\/p>\n<p style=\"text-align: justify;\">Esta semana tuve la oportunidad de compartir mi opini\u00f3n de oyente en una emisora de radio. El sentimiento era un\u00e1nime entre los que llam\u00e1bamos, pero luego he constatado de que es generalizado en el pa\u00eds.<\/p>\n<p style=\"text-align: justify;\">El origen de todo estuvo en la II Guerra Mundial. Los bombardeos, invasiones y dem\u00e1s acciones de guerra estaban programados a horas determinadas y, para evitar confusiones con los horarios, los pa\u00edses a este lado del meridiano de Greenwich (Reino Unido, Espa\u00f1a, Portugal e Irlanda) optaron ajustar sus relojes al huso horario alem\u00e1n. Cuando finaliz\u00f3 la guerra todos estos pa\u00edses, menos uno, volvieron a su horario normal. \u00bfAdivinan cu\u00e1l?<\/p>\n<p style=\"text-align: justify;\">Desde hace m\u00e1s de 70 a\u00f1os vivimos en una fase horaria que no es la nuestra. La situaci\u00f3n puede corregirse. El Congreso de los Diputados ha aprobado un informe de medidas que puede llevar, a fin de mes, a votarse en la C\u00e1mara Baja la vuelta al horario que nos corresponde. Espa\u00f1a adelantar\u00eda una hora los relojes, para siempre. (Esto, al margen de ese cambio que hacemos en primavera y oto\u00f1o para aprovechar las horas de luz).<br \/>\nLa idea va m\u00e1s all\u00e1 de un ajuste de manecillas y botones. El cambio horario deber\u00eda mejorar nuestro modelo productivo. La modificaci\u00f3n ir\u00e1 acompa\u00f1ada de medidas que ayuden a conciliar la vida personal, familiar y laboral. Tambi\u00e9n a mejorar la productividad laboral. Y, lo m\u00e1s importante, la calidad de vida.<\/p>\n<p style=\"text-align: justify;\">Los espa\u00f1oles dedicamos dos horas a comer. La mayor parte del resto de europeos emplean en torno a media hora, de 12:00 o 12:30 a 13:00. Claro, no da tiempo a ir a casa y echar una cabezada. Otro cambio deber\u00e1 ser el del horario de salida, no se puede entrar a las 8:30 a trabajar y salir a las 20:30. La hora de cerrar la oficina, el bufete o el despacho ser\u00eda las 5 \u00f3 6 de la tarde. Es cierto que la hosteler\u00eda y los comercios vienen funcionando con otro espectro horario, pero hemos de pensar que la gente que trabaja en estos negocios tambi\u00e9n tienen derecho a descansar y vivir. Mi experiencia en Alemania me permite afirmar que tambi\u00e9n estos negocios pueden constre\u00f1ir sus horarios a unas franjas m\u00e1s racionales.<br \/>\nTambi\u00e9n, por poner otro ejemplo de medida a implementar, la programaci\u00f3n de televisi\u00f3n deber\u00eda ajustarse tambi\u00e9n y no emitir lo que ellos consideran \u00abprime time\u00bb tan tarde, adelantar tambi\u00e9n telediarios y programaci\u00f3n infantil.<\/p>\n<p style=\"text-align: justify;\">Trabajando tantas horas como hacemos en Espa\u00f1a disminuye la productividad y se fomenta el estr\u00e9s y el absentismo laboral. \u00bfPara qu\u00e9 darse prisa en terminar una tarea si se va a seguir en el puesto de trabajo varias horas m\u00e1s? Con jornadas laborales m\u00e1s cortas se producir\u00eda un ahorro energ\u00e9tico en las empresas y se acabar\u00eda con la \u00abcultura del presentismo\u00bb, eso del estar en la oficina para que el jefe crea que est\u00e1s haciendo algo. Los espa\u00f1oles pasar\u00edamos m\u00e1s tiempo con la familia. Tambi\u00e9n consumir\u00edamos m\u00e1s, porque saldr\u00edamos a dar un paseo con los ni\u00f1os, a tomar algo con los amigos, a comprar\u2026 As\u00ed crecer\u00eda el consumo y, por tanto, las ventas; con ellas los beneficios empresariales, que llevar\u00edan a las empresas a producir m\u00e1s y, como consecuencia, contratar m\u00e1s gente, mejorando el empleo.<\/p>\n<p style=\"text-align: justify;\">Nuestra salud tambi\u00e9n mejorar\u00eda. En la actualidad vamos en contra de nuestro ritmo circadiano. Nuestro cuerpo debe seguir, por naturaleza, el ritmo del sol. Por hora solar, nos corresponde comer a las 13:00. Con horarios m\u00e1s racionales, cenar\u00edamos en torno a las 19:00 y nos acostar\u00edamos antes. Nos ajustar\u00edamos algo m\u00e1s al amanecer y el anochecer.<br \/>\nCon el regreso al huso horario que nos corresponde, seremos m\u00e1s productivos, sanos y felices. \u00bfQui\u00e9n se puede oponer a esto?<\/p>\n","protected":false},"excerpt":{"rendered":"<p>Volver a nuestro huso horario. Esta semana tuve la oportunidad de compartir mi opini\u00f3n de oyente en una emisora de radio. El sentimiento era un\u00e1nime entre los que llam\u00e1bamos, pero luego he constatado de que es generalizado en el pa\u00eds. El origen de todo estuvo en la II Guerra Mundial. Los bombardeos, invasiones y dem\u00e1s&nbsp;<a href=\"http:\/\/www.adfinca.net\/es\/carta-del-director-vii\/\" class=\"read-more\">Continue Reading<\/a><\/p>\n","protected":false},"author":1,"featured_media":0,"comment_status":"closed","ping_status":"closed","sticky":false,"template":"","format":"standard","meta":[],"categories":[31],"tags":[],"_links":{"self":[{"href":"http:\/\/www.adfinca.net\/es\/wp-json\/wp\/v2\/posts\/573"}],"collection":[{"href":"http:\/\/www.adfinca.net\/es\/wp-json\/wp\/v2\/posts"}],"about":[{"href":"http:\/\/www.adfinca.net\/es\/wp-json\/wp\/v2\/types\/post"}],"author":[{"embeddable":true,"href":"http:\/\/www.adfinca.net\/es\/wp-json\/wp\/v2\/users\/1"}],"replies":[{"embeddable":true,"href":"http:\/\/www.adfinca.net\/es\/wp-json\/wp\/v2\/comments?post=573"}],"version-history":[{"count":2,"href":"http:\/\/www.adfinca.net\/es\/wp-json\/wp\/v2\/posts\/573\/revisions"}],"predecessor-version":[{"id":575,"href":"http:\/\/www.adfinca.net\/es\/wp-json\/wp\/v2\/posts\/573\/revisions\/575"}],"wp:attachment":[{"href":"http:\/\/www.adfinca.net\/es\/wp-json\/wp\/v2\/media?parent=573"}],"wp:term":[{"taxonomy":"category","embeddable":true,"href":"http:\/\/www.adfinca.net\/es\/wp-json\/wp\/v2\/categories?post=573"},{"taxonomy":"post_tag","embeddable":true,"href":"http:\/\/www.adfinca.net\/es\/wp-json\/wp\/v2\/tags?post=573"}],"curies":[{"name":"wp","href":"https:\/\/api.w.org\/{rel}","templated":true}]}}