{"id":613,"date":"2014-05-20T17:03:36","date_gmt":"2014-05-20T15:03:36","guid":{"rendered":"http:\/\/www.adfinca.net\/es\/?p=613"},"modified":"2014-05-20T17:03:36","modified_gmt":"2014-05-20T15:03:36","slug":"will-power","status":"publish","type":"post","link":"http:\/\/www.adfinca.net\/es\/will-power\/","title":{"rendered":"WILL POWER"},"content":{"rendered":"<p style=\"text-align: justify;\">\u00bfQu\u00e9 diferencia al triunfador del resto de mortales? \u00bfNos hemos planteado alguna vez por qu\u00e9 algunas personas son felices y tienen \u00e9xito y otras no? Es cierto que las circunstancias de Ortega y Gasset son un condicionante, pero no deja de sorprendernos que haya alguien que logre sus metas partiendo de la nada. De un atleta que gana medallas a pesar de su minusval\u00eda, de un empresario multimillonario nacido en una barriada india donde apenas ten\u00edan para comer o, sin acudir a los grandes h\u00e9roes de la humanidad, a aquel vecino que con su persistencia logr\u00f3 casarse con la mujer ideal, comprar la casa de sus sue\u00f1os o ser feliz cada d\u00eda.<\/p>\n<p style=\"text-align: justify;\">La clave fundamental son los pensamientos. Las ideas que tenemos constantemente en la cabeza son el germen y la esencia de todo lo que nos pasa, de nuestro destino. Es as\u00ed de sencillo. Puede parecer que los pensamientos fluyen espont\u00e1neos por nuestro cerebro, brotan de manera inexplicable e incontrolada. M\u00e1s all\u00e1 de la g\u00e9nesis de las ideas en s\u00ed mismas, del inconsciente y de todo lo que el cerebro trabaja sin ser nosotros conscientes de ello, s\u00ed est\u00e1 en nuestra mano controlar esa imagen mental. Podemos, y debemos, expulsar toda idea negativa de nuestro cerebro y sustituirla inmediatamente por una positiva. (Ya hablar\u00e9 m\u00e1s adelante de la importancia cient\u00edfica del optimismo). La raz\u00f3n primordial es que los pensamientos se convierten en palabras. Hablamos de lo que pensamos, lo que tenemos en la cabeza lo verbalizamos. Las palabras son la concreci\u00f3n de las ideas, el veh\u00edculo por el que se manifiestan.<\/p>\n<p style=\"text-align: justify;\">He aqu\u00ed la primera piedra de toque. Somos due\u00f1os de nuestro silencio y esclavos de nuestras palabras, y \u00e9stas el reflejo de nuestras reflexiones. La palabra es como la flecha disparada, no se puede deshacer el tiro y habr\u00e1 que afrontar las consecuencias.<\/p>\n<p style=\"text-align: justify;\">Y, claro, nuestras palabras condicionan nuestras acciones. \u00bfCu\u00e1ntas veces hacemos algo nada m\u00e1s que porque lo hemos dicho? \u201cYo corro treinta minutos cada d\u00eda\u201d. Nos cuesta mucho desmentirnos y si hemos asegurado que corremos todo eso lo intentaremos cumplir. El ser humano necesita sentirse coherente. Por eso es bueno hacer p\u00fablicos nuestros proyectos: voy a leer seis libros al a\u00f1o, voy a perder diez kilos, me voy de vacaciones al Everest\u2026 y para no evidenciarnos como mentirosos antes nuestro interlocutor nos pondremos en marcha. Por otro lado, solemos hablar siempre de lo que tenemos en mente. Si pensamos en m\u00fasica, instrumentos, canciones\u2026 hablaremos de ello. Si es de naturaleza, excursiones a la monta\u00f1a, plantas, comida sana\u2026 compartiremos nuestras reflexiones y gustos. Si se trata de lo infelices que somos, lo que nos amarga tal o cual cliente, de nuestra mala suerte\u2026 tambi\u00e9n lo diremos. \u00bfDe qu\u00e9 preferimos hablar? Pues controlemos en qu\u00e9 pensamos.<\/p>\n<p style=\"text-align: justify;\">Porque esas acciones derivadas de nuestras palabras se convierten en h\u00e1bitos. Un acto es algo aislado. Su repetici\u00f3n se convierte en actitud y en h\u00e1bito. Entra a formar parte de nuestra rutina, se consolida a s\u00ed mismo. Cada vez es m\u00e1s dif\u00edcil cambiarla, \u201ces que siempre me levanto a las siete\u2026\u201d, \u201cyo siempre tomo el caf\u00e9 con mucho az\u00facar\u2026\u201d, \u201cno puedo evitar que siempre que\u2026\u201d. Nuestras palabras transformadas en h\u00e1bitos nos han vuelto m\u00e1s esclavos a\u00fan.<\/p>\n<p style=\"text-align: justify;\">Lo que hacen los h\u00e1bitos es formar el car\u00e1cter. Una costumbre es dif\u00edcil de cambiar \u2014incluso se convierte en ley en ocasiones\u2014 y forja nuestra idiosincrasia. Es el feedback de nuestras acciones, de nuestras palabras, de nuestros pensamientos. Nuestro temperamento, el carisma, nuestra forma de ser se forja con los h\u00e1bitos que mantenemos, siendo estos consecuencia de \u00faltima de lo que pensamos.<\/p>\n<p style=\"text-align: justify;\">Y esto nos lleva a la \u00faltima etapa del proceso. El car\u00e1cter marca nuestro destino. S\u00ed, a la postre ese car\u00e1cter fruto de nuestras reflexiones o irreflexiones es el que determina nuestra vida, si vamos a ser felices o amargados, generosos o envidiosos, triunfar en nuestros proyectos o gru\u00f1ir resentidos por nuestra mala suerte, disfrutar de la vida o escupir insidias. Tenemos lo que pensamos.<\/p>\n<p style=\"text-align: justify;\">El resumen ser\u00eda lo siguiente:<br \/>\nControla tus pensamientos, que se convierten en palabras.<br \/>\nControla tus palabras, que se transfiguran en acciones.<br \/>\nControla tus acciones, que se transforman en h\u00e1bitos.<br \/>\nControla tus h\u00e1bitos, que se tornan en tu car\u00e1cter.<br \/>\nControla tu car\u00e1cter, que se transforma en tu destino.<\/p>\n<p style=\"text-align: justify;\">Una reflexi\u00f3n sencilla. El ser humano, \u00bfsonr\u00ede por ser feliz o es feliz porque sonr\u00ede? Lo primero es cierto, lo segundo tambi\u00e9n. Un ejemplo m\u00e1s de c\u00f3mo nuestros actos conscientes y voluntarios condicionan nuestros sentimientos. Sonriamos sin motivo y acabaremos sinti\u00e9ndonos alegres. El mensaje que nuestro rostro sonriente manda al cerebro son instrucciones para \u00e9l.<\/p>\n<p style=\"text-align: justify;\">\u00bfNo es cierto que la gente alegre suele estar rodeada de personas alegres? \u00bfY que los amargados y criticones, aquellos que hablan mal de los dem\u00e1s, tienden a estar solos? Iguales atraen iguales.<\/p>\n<p style=\"text-align: justify;\">Para concluir, hay cientos de frases que nos recuerdan que la fuerza de voluntad es el pilar del \u00e9xito, \u201cquerer es poder\u201d, los pensamientos marcan los sentimentos.<\/p>\n<p style=\"text-align: justify;\">HOLSTEE MANIFESTO<\/p>\n","protected":false},"excerpt":{"rendered":"<p>\u00bfQu\u00e9 diferencia al triunfador del resto de mortales? \u00bfNos hemos planteado alguna vez por qu\u00e9 algunas personas son felices y tienen \u00e9xito y otras no? Es cierto que las circunstancias de Ortega y Gasset son un condicionante, pero no deja de sorprendernos que haya alguien que logre sus metas partiendo de la nada. De un&nbsp;<a href=\"http:\/\/www.adfinca.net\/es\/will-power\/\" class=\"read-more\">Continue Reading<\/a><\/p>\n","protected":false},"author":1,"featured_media":0,"comment_status":"closed","ping_status":"closed","sticky":false,"template":"","format":"standard","meta":[],"categories":[31],"tags":[],"_links":{"self":[{"href":"http:\/\/www.adfinca.net\/es\/wp-json\/wp\/v2\/posts\/613"}],"collection":[{"href":"http:\/\/www.adfinca.net\/es\/wp-json\/wp\/v2\/posts"}],"about":[{"href":"http:\/\/www.adfinca.net\/es\/wp-json\/wp\/v2\/types\/post"}],"author":[{"embeddable":true,"href":"http:\/\/www.adfinca.net\/es\/wp-json\/wp\/v2\/users\/1"}],"replies":[{"embeddable":true,"href":"http:\/\/www.adfinca.net\/es\/wp-json\/wp\/v2\/comments?post=613"}],"version-history":[{"count":2,"href":"http:\/\/www.adfinca.net\/es\/wp-json\/wp\/v2\/posts\/613\/revisions"}],"predecessor-version":[{"id":615,"href":"http:\/\/www.adfinca.net\/es\/wp-json\/wp\/v2\/posts\/613\/revisions\/615"}],"wp:attachment":[{"href":"http:\/\/www.adfinca.net\/es\/wp-json\/wp\/v2\/media?parent=613"}],"wp:term":[{"taxonomy":"category","embeddable":true,"href":"http:\/\/www.adfinca.net\/es\/wp-json\/wp\/v2\/categories?post=613"},{"taxonomy":"post_tag","embeddable":true,"href":"http:\/\/www.adfinca.net\/es\/wp-json\/wp\/v2\/tags?post=613"}],"curies":[{"name":"wp","href":"https:\/\/api.w.org\/{rel}","templated":true}]}}