{"id":616,"date":"2014-05-20T17:04:19","date_gmt":"2014-05-20T15:04:19","guid":{"rendered":"http:\/\/www.adfinca.net\/es\/?p=616"},"modified":"2014-06-24T14:57:17","modified_gmt":"2014-06-24T12:57:17","slug":"el-placer-de-la-lentitud","status":"publish","type":"post","link":"http:\/\/www.adfinca.net\/es\/el-placer-de-la-lentitud\/","title":{"rendered":"EL PLACER DE LA LENTITUD"},"content":{"rendered":"<p style=\"text-align: justify;\">Milan Kundera en su libro \u201cLa lentitud\u201d afirma que la velocidad es la forma de \u00e9xtasis que la revoluci\u00f3n t\u00e9cnica ha brindado al hombre. El grado de velocidad es directamente proporcional al la intensidad del olvido. Nuestra \u00e9poca parece vivir tan r\u00e1pido para olvidarse de s\u00ed misma, obsesionada con olvidar, harta o avergonzada de s\u00ed misma.<\/p>\n<p style=\"text-align: justify;\">Hay un proverbio checo que refleja en lo que consiste la dulce ociosidad o el dolce far niente: contemplar las ventanas de Dios. Los que lo hacen no se aburren, son felices. \u00bfCu\u00e1nto hace que no miramos a las nubes y adivinamos formas en ellas? No tenemos tiempo.<\/p>\n<p style=\"text-align: justify;\">Ha desaparecido el placer de la lentitud. Vivimos r\u00e1pidamente. La inform\u00e1tica ha supuesto una revoluci\u00f3n en el trabajo pues nos permite emplear menos tiempo para realizar las mismas tareas. Internet ha empeque\u00f1ecido el planeta y junto con los avances en las telecomunicaciones hoy en d\u00eda se consigue en multiplicar la producci\u00f3n reduciendo el tiempo necesario para ello.<\/p>\n<p style=\"text-align: justify;\">Epicuro nos dej\u00f3 su filosof\u00eda de la vida. Una filosof\u00eda consistente en lograr la felicidad mediante el placer. El hedonista busca el placer como fin supremo de la vida, sin l\u00edmites. El epic\u00fareo disfruta del placer moderado. Epicuro s\u00f3lo recomendaba placeres modestos y prudentes. El aurea mediocritas aristot\u00e9lico.<\/p>\n<p style=\"text-align: justify;\">Tambi\u00e9n se nos marca el placer de las cosas sencillas. Un caf\u00e9 reci\u00e9n hecho; el olor a tierra mojada o a c\u00e9sped reci\u00e9n segado. Incluso el del lapicero que acabamos de afilar. Una conversaci\u00f3n con amigos en casa. Un ba\u00f1o. La lectura de un libro. Escuchar m\u00fasica. \u00bfAcaso no encontramos m\u00e1s placer y m\u00e1s duradero en estos actos sencillos que en los provenientes del lujo y los excesos? \u00bfNo nos hacen m\u00e1s felices estos detalles cotidianos que aquellas vacaciones impresionantes que nos dimos el gustazo de disfrutar una vez?<\/p>\n<p style=\"text-align: justify;\">Lo que se vive deprisa se retiene peor la memoria; como lo que se lee deprisa. La vida muy aprovechada en el sentido de acumulaci\u00f3n de experiencias, trabajo, actividades\u2026 est\u00e1 m\u00e1s enriquecida pero deja apenas poso. \u00bfNo recordamos m\u00e1s, mejor y en general con m\u00e1s cari\u00f1o esos periodos con muchos tiempos ociosos, a veces incluso de tedio, contemplando las nubes o mirando al gente pasar? \u00bfCu\u00e1ndo fue la \u00faltima vez que nos detuvimos a admirar el mar sin fijarnos en el reloj?<\/p>\n<p style=\"text-align: justify;\">Cuanto m\u00e1s despacio se disfrut\u00f3 la experiencia m\u00e1s indeleble es su huella en la memoria.<\/p>\n<p style=\"text-align: justify;\">Yo recuerdo, por ejemplo, las horas que \u201cperd\u00ed\u201d mirando al mar en Eastbourne. Las nubes que sobrevolaban la huerta en Cistierna. Las estrellas en esa misma huerta o en La Gomera. La pared de mi habitaci\u00f3n de ni\u00f1o, con su papel pintado. Retengo a\u00fan en la memoria el aspecto y parte del contenido de los apuntes de la oposici\u00f3n. Mis mejores recuerdos proceden del cuarto alquilado en Lindau o mis paseos en bicicleta a orillas del lago Constanza, deteni\u00e9ndome a zambullir mi mirada en sus aguas. Las horas muertas contemplando maravillado la carita de beb\u00e9 de mi hija Rebeca.<\/p>\n<p style=\"text-align: justify;\">Ratos lentos que se imprimen en nuestra memoria.<\/p>\n<p style=\"text-align: justify;\">Todo lleva su tiempo. Lo bien hecho requiere tiempo. Cuanto m\u00e1s tiempo requiere su formaci\u00f3n mayor es su persistencia.<\/p>\n<p style=\"text-align: justify;\">Y en esta sociedad mercantilista lo que m\u00e1s tiempo requiere para su creaci\u00f3n suele tener un mayor coste econ\u00f3mico. El tiempo es uno de los materiales necesarios para crear diamantes, el tiempo es caro, es oro.<\/p>\n","protected":false},"excerpt":{"rendered":"<p>Milan Kundera en su libro \u201cLa lentitud\u201d afirma que la velocidad es la forma de \u00e9xtasis que la revoluci\u00f3n t\u00e9cnica ha brindado al hombre. El grado de velocidad es directamente proporcional al la intensidad del olvido. Nuestra \u00e9poca parece vivir tan r\u00e1pido para olvidarse de s\u00ed misma, obsesionada con olvidar, harta o avergonzada de s\u00ed&nbsp;<a href=\"http:\/\/www.adfinca.net\/es\/el-placer-de-la-lentitud\/\" class=\"read-more\">Continue Reading<\/a><\/p>\n","protected":false},"author":1,"featured_media":729,"comment_status":"closed","ping_status":"closed","sticky":false,"template":"","format":"standard","meta":[],"categories":[31],"tags":[],"_links":{"self":[{"href":"http:\/\/www.adfinca.net\/es\/wp-json\/wp\/v2\/posts\/616"}],"collection":[{"href":"http:\/\/www.adfinca.net\/es\/wp-json\/wp\/v2\/posts"}],"about":[{"href":"http:\/\/www.adfinca.net\/es\/wp-json\/wp\/v2\/types\/post"}],"author":[{"embeddable":true,"href":"http:\/\/www.adfinca.net\/es\/wp-json\/wp\/v2\/users\/1"}],"replies":[{"embeddable":true,"href":"http:\/\/www.adfinca.net\/es\/wp-json\/wp\/v2\/comments?post=616"}],"version-history":[{"count":1,"href":"http:\/\/www.adfinca.net\/es\/wp-json\/wp\/v2\/posts\/616\/revisions"}],"predecessor-version":[{"id":617,"href":"http:\/\/www.adfinca.net\/es\/wp-json\/wp\/v2\/posts\/616\/revisions\/617"}],"wp:featuredmedia":[{"embeddable":true,"href":"http:\/\/www.adfinca.net\/es\/wp-json\/wp\/v2\/media\/729"}],"wp:attachment":[{"href":"http:\/\/www.adfinca.net\/es\/wp-json\/wp\/v2\/media?parent=616"}],"wp:term":[{"taxonomy":"category","embeddable":true,"href":"http:\/\/www.adfinca.net\/es\/wp-json\/wp\/v2\/categories?post=616"},{"taxonomy":"post_tag","embeddable":true,"href":"http:\/\/www.adfinca.net\/es\/wp-json\/wp\/v2\/tags?post=616"}],"curies":[{"name":"wp","href":"https:\/\/api.w.org\/{rel}","templated":true}]}}